{"id":1514,"date":"2020-07-04T12:22:41","date_gmt":"2020-07-04T10:22:41","guid":{"rendered":"https:\/\/wagokoro.de\/?p=1514"},"modified":"2020-07-04T12:22:41","modified_gmt":"2020-07-04T10:22:41","slug":"wichtiger-hinweis-zu-shichi-go-san-2020","status":"publish","type":"post","link":"https:\/\/hanabirayawp.wafuku.de\/?p=1514","title":{"rendered":"Wichtiger Hinweis zu Shichi-Go-San 2020"},"content":{"rendered":"\n<h2>Kinderfest mit Kimono Ankleideservice wird\u00a0 NICHT stattfinden<\/h2>\n<p>Das Shichi-Go-San Kinderfest, das wir jedes Jahr im Eko-Haus der japanischen Kultur veranstalten, kann 2020 leider nicht stattfinden. Aufgrund der aktuellen, Covid-19 bedingten Situation k\u00f6nnen wir das Kinderfest mit Ankleide- und Fotoservice leider nicht realisieren.\u00a0<br \/>Es wird voraussichtlich auch gegen Ende des Jahres 2020 nicht m\u00f6glich sein, Veranstaltungen mit engem Teilnehmerkontakt (wie z.B. f\u00fcr den Ankleideservice n\u00f6tig) durchzuf\u00fchren.<br \/><!--more--><\/p>\n<p><strong>Daher k\u00f6nnen wir Ihnen das Shichi-Go-San im Jahr 2020 leider nicht anbieten. Wir bitten daf\u00fcr um Ihr Verst\u00e4ndnis.<\/strong> <br \/>2021 sieht die Situation hoffentlich wieder besser aus.<\/p>\n<h2>Ein gro\u00dfes Event<\/h2>\n<p>F\u00fcr uns als kleinen Verein ist dies nat\u00fcrlich auch eine gro\u00dfe Beeintr\u00e4chtigung. Unser Shichi-Go-san ist eine sehr aufw\u00e4ndig vorbereitete und auch im europ\u00e4ischen Raum immer bekannter werdende Veranstaltung, auf deren Durchf\u00fchrung wir jedes Mal mit gro\u00dfem Aufwand vorbereiten. <br \/>Jedes Jahr wieder erfreuen wir uns am Anblick all der gl\u00fccklichen Gesichter, wenn wir ganze Familien pr\u00e4chtig eingekleidet auf ein professionelles Erinnerungsfoto bannen k\u00f6nnen. Auch die gro\u00dfen und kleinen Teilnehmer\/innen des Shichi-Go-San wissen diesen Aufwand sehr zu sch\u00e4tzen und geben uns entsprechend begeisterte R\u00fcckmeldungen.<\/p>\n<p><strong>Wir bedanken uns an dieser Stelle bei den bisherigen Teilnehmer\/innen f\u00fcr das \u00fcberrebional rege Interesse und den allj\u00e4hrlichen Ansturm auf die begrenzten Teilnehmerpl\u00e4tze! <br \/>Sie f\u00f6rdern damit einen sehr motivierten, wachsenden japanischen Kulturverein!<\/strong><\/p>\n<h2>Veranstaltungen laufen weiter &#8211; per Zoom<\/h2>\n<p>Doch auch die Beeintr\u00e4chtigungen durch Corona k\u00f6nnen uns nicht stoppen. Wir sind weiterhin als japanischer Kulturverein aktiv. <br \/><strong>Auch in dieser Zeit ohne direkten Kontakt bieten wir Veranstaltungen an &#8211; per Zoom!<\/strong> Sie sind herzlich eingeladen, an unseren Zoom-Workshops, -Treffen oder -Gespr\u00e4chsrunden teilzunehmen. Die Teilnahme ist bisher kostenlos!<br \/>Bitte behalten Sie dazu unseren Veranstaltungskalender hier auf unserer Homepage im Auge oder abonnieren Sie uns bei <a title=\"Ein Klick f\u00fchrt Sie direkt zu unserer Facebook-Seite!\" href=\"https:\/\/www.facebook.com\/wagokoroEV\/\" target=\"_blank\" rel=\"noopener noreferrer\">Facebook<\/a> oder <a title=\"Ein Klick f\u00fchrt Sie direkt zu unserem Instagram-Profil!\" href=\"https:\/\/www.instagram.com\/wagokoro_ev\/\" target=\"_blank\" rel=\"noopener noreferrer\">Instagram<\/a>. Wir freuen uns auf Sie!<\/p>\n","protected":false},"excerpt":{"rendered":"<p>Das Shichi-Go-San Kinderfest, das wir jedes Jahr im Eko-Haus der japanischen Kultur veranstalten, kann 2020 leider nicht stattfinden. Aufgrund der aktuellen, Covid-19 bedingten Situation k\u00f6nnen wir das Kinderfest mit Ankleide- und Fotoservice leider nicht realisieren.\u00a0<\/p>\n","protected":false},"author":2,"featured_media":109,"comment_status":"closed","ping_status":"open","sticky":false,"template":"","format":"standard","meta":{"site-sidebar-layout":"default","site-content-layout":"default","ast-global-header-display":"","ast-main-header-display":"","ast-hfb-above-header-display":"","ast-hfb-below-header-display":"","ast-hfb-mobile-header-display":"","site-post-title":"","ast-breadcrumbs-content":"","ast-featured-img":"","footer-sml-layout":"","theme-transparent-header-meta":"","adv-header-id-meta":"","stick-header-meta":"","header-above-stick-meta":"","header-main-stick-meta":"","header-below-stick-meta":"","ngg_post_thumbnail":0,"footnotes":""},"categories":[26,17],"tags":[125,138,185,186,263,302,303],"class_list":["post-1514","post","type-post","status-publish","format-standard","has-post-thumbnail","hentry","category-shichigosan-kinderfest","category-veranstaltungen","tag-kimono-ankleideservice","tag-kinderfest","tag-shichi-go-san","tag-shichigosan","tag-263","tag-302","tag-303"],"_links":{"self":[{"href":"https:\/\/hanabirayawp.wafuku.de\/index.php?rest_route=\/wp\/v2\/posts\/1514","targetHints":{"allow":["GET"]}}],"collection":[{"href":"https:\/\/hanabirayawp.wafuku.de\/index.php?rest_route=\/wp\/v2\/posts"}],"about":[{"href":"https:\/\/hanabirayawp.wafuku.de\/index.php?rest_route=\/wp\/v2\/types\/post"}],"author":[{"embeddable":true,"href":"https:\/\/hanabirayawp.wafuku.de\/index.php?rest_route=\/wp\/v2\/users\/2"}],"replies":[{"embeddable":true,"href":"https:\/\/hanabirayawp.wafuku.de\/index.php?rest_route=%2Fwp%2Fv2%2Fcomments&post=1514"}],"version-history":[{"count":0,"href":"https:\/\/hanabirayawp.wafuku.de\/index.php?rest_route=\/wp\/v2\/posts\/1514\/revisions"}],"wp:featuredmedia":[{"embeddable":true,"href":"https:\/\/hanabirayawp.wafuku.de\/index.php?rest_route=\/wp\/v2\/menu-items\/109"}],"wp:attachment":[{"href":"https:\/\/hanabirayawp.wafuku.de\/index.php?rest_route=%2Fwp%2Fv2%2Fmedia&parent=1514"}],"wp:term":[{"taxonomy":"category","embeddable":true,"href":"https:\/\/hanabirayawp.wafuku.de\/index.php?rest_route=%2Fwp%2Fv2%2Fcategories&post=1514"},{"taxonomy":"post_tag","embeddable":true,"href":"https:\/\/hanabirayawp.wafuku.de\/index.php?rest_route=%2Fwp%2Fv2%2Ftags&post=1514"}],"curies":[{"name":"wp","href":"https:\/\/api.w.org\/{rel}","templated":true}]}}